[{"@context":"https:\/\/schema.org\/","@type":"Article","@id":"https:\/\/www.kodres.sk\/myslite-dopredu\/#Article","mainEntityOfPage":"https:\/\/www.kodres.sk\/myslite-dopredu\/","headline":"Myslite dopredu","name":"Myslite dopredu","description":"\u013dudia, ktor\u00ed nevedia, \u010do chc\u00fa, to maj\u00fa v \u017eivote skuto\u010dne \u0165a\u017ek\u00e9. Ja v\u0161ak nepatr\u00edm k jedn\u00fdm z t\u00fdch \u013eud\u00ed. Pr\u00e1ve naopak. Som si \u00faplne na istom a ve\u013emi dobre viem, \u010do chcem a dokonca viem aj to, ako by som to mohla dosiahnu\u0165. M\u00f4j probl\u00e9m v\u0161ak zvy\u010dajne b\u00fdva to, \u017ee v\u00e1\u017ene nem\u00e1m celkom dobr\u00fa predstavivos\u0165. &hellip;","datePublished":"2018-04-18","dateModified":"2023-05-22","author":{"@type":"Person","@id":"https:\/\/www.kodres.sk\/author\/#Person","name":"","url":"https:\/\/www.kodres.sk\/author\/","identifier":1,"image":{"@type":"ImageObject","@id":"https:\/\/secure.gravatar.com\/avatar\/dcb1aeb5e7d95014cdc92e76cf3c72f6b456579bf773ad0081803a6569ffc19c?s=96&d=mm&r=g","url":"https:\/\/secure.gravatar.com\/avatar\/dcb1aeb5e7d95014cdc92e76cf3c72f6b456579bf773ad0081803a6569ffc19c?s=96&d=mm&r=g","height":96,"width":96}},"publisher":{"@type":"Organization","name":"kodres.sk","logo":{"@type":"ImageObject","@id":"\/logo.png","url":"\/logo.png","width":600,"height":60}},"image":{"@type":"ImageObject","@id":"https:\/\/www.kodres.sk\/wp-content\/uploads\/img_a287872_w16469_t1526367590.jpg","url":"https:\/\/www.kodres.sk\/wp-content\/uploads\/img_a287872_w16469_t1526367590.jpg","height":0,"width":0},"url":"https:\/\/www.kodres.sk\/myslite-dopredu\/","about":["N\u00e1kupy"],"wordCount":409,"articleBody":"          \u013dudia, ktor\u00ed nevedia, \u010do chc\u00fa, to maj\u00fa v \u017eivote skuto\u010dne \u0165a\u017ek\u00e9. Ja v\u0161ak nepatr\u00edm k jedn\u00fdm z t\u00fdch \u013eud\u00ed. Pr\u00e1ve naopak. Som si \u00faplne na istom a ve\u013emi dobre viem, \u010do chcem a dokonca viem aj to, ako by som to mohla dosiahnu\u0165. M\u00f4j probl\u00e9m v\u0161ak zvy\u010dajne b\u00fdva to, \u017ee v\u00e1\u017ene nem\u00e1m celkom dobr\u00fa predstavivos\u0165. Preto pre m\u0148a b\u00fdva zvy\u010dajne naozaj \u0165a\u017ek\u00e9 si nie\u010do napl\u00e1nova\u0165 alebo nie\u010do k\u00fapi\u0165. M\u00e1m z toho gul\u00e1\u0161 a v\u017edy sa mus\u00edm s niek\u00fdm poradi\u0165. Dokonca aj vtedy, ke\u010f ide o \u00faplne be\u017en\u00e9 veci a mali\u010dkosti, ako je napr\u00edklad v\u00fdber svetla.Pre m\u0148a je to naozaj ve\u013emi d\u00f4le\u017eit\u00e9 a bolo mi jasn\u00e9 aj to, ak\u00e9 svetlo by som chcela ma\u0165. Podmienky som mala stanoven\u00e9. Probl\u00e9m v\u0161ak bol iba to, \u017ee som chcela, aby mi niekto povedal, ktor\u00e9 rie\u0161enie by bolo to najlep\u0161ie. Nevyznala som sa do toho, preto som us\u00fadila, \u017ee bude ove\u013ea lep\u0161ie, ke\u010f mi niekto porad\u00ed. Bolo v\u0161ak \u0165a\u017ek\u00e9 necha\u0165 si skuto\u010dne od niekoho poradi\u0165 tak, aby mi to vyhovovalo. Ob\u010das sa proste \u010dlovek mus\u00ed nejak\u00fdm sp\u00f4sobom pozrie\u0165 na be\u017en\u00e9 veci. Ale \u010do vtedy, ke\u010f sa do toho jednoducho naozaj nerozumiem? Vtedy proste mus\u00edm za\u010da\u0165 nie\u010do rie\u0161i\u0165, no nie? Sp\u00fdtala som sa m\u00f4jho kamar\u00e1ta, ak\u00e9 svetlo by mi poradil. Ke\u010f som mu povedala, \u017ee chcem nie\u010do farebn\u00e9, modern\u00e9, ale z\u00e1rove\u0148 aj neuverite\u013ene dobre vyzeraj\u00face, okam\u017eite mi poradil rgb led p\u00e1siky. Vraj to je to najlep\u0161ie mo\u017en\u00e9 rozhodnutie, ktor\u00e9 m\u00f4\u017eem urobi\u0165. A \u017ee budem nad\u0161en\u00e1. A mus\u00edm poveda\u0165, \u017ee sa v\u00e1\u017ene nem\u00fdlil. Bolo \u00fa\u017easn\u00e9, ako sa na to m\u00f4\u017ee skuto\u010dne \u010dlovek pozrie\u0165 aj bez toho, aby videl nie\u010do negat\u00edvne. Ja som mala s t\u00fdmto svetlom pocit, \u017ee sa m\u00f4j byt jednoducho zmenil na nepoznanie. Dokonca som sa v \u0148om aj ja c\u00edtila \u00faplne inak. A to je nie\u010do, \u010do sa proste ned\u00e1 len tak vymaza\u0165. Som rada, \u017ee som schopn\u00e1 si necha\u0165 poradi\u0165 od druh\u00fdch \u013eud\u00ed. Fakticky som za to v\u010fa\u010dn\u00e1. Aspo\u0148 moje ego nemus\u00ed pr\u00edli\u0161 vyskakova\u0165. A to je fajn.                                                                                                                                                                                                                                                                                                                                                                                          5\/5 - (2 votes)        "},{"@context":"https:\/\/schema.org\/","@type":"BreadcrumbList","itemListElement":[{"@type":"ListItem","position":1,"name":"Myslite dopredu","item":"https:\/\/www.kodres.sk\/myslite-dopredu\/#breadcrumbitem"}]}]